{"id":254386,"date":"2024-08-20T12:37:26","date_gmt":"2024-08-20T10:37:26","guid":{"rendered":"https:\/\/www.meetingrimini.org\/?p=254386"},"modified":"2024-08-23T12:36:07","modified_gmt":"2024-08-23T10:36:07","slug":"mensaje-del-presidente-mattarella-con-motivo-de-la-45a-edicion-del-meeting-de-rimini","status":"publish","type":"post","link":"https:\/\/www.meetingrimini.org\/es\/mensaje-del-presidente-mattarella-con-motivo-de-la-45a-edicion-del-meeting-de-rimini\/","title":{"rendered":"Mensaje del Presidente Mattarella con motivo de la 45\u00aa edici\u00f3n del Meeting de Rimini"},"content":{"rendered":"<div id=\"bsf_rt_marker\"><\/div><div id=\"cs-content\" class=\"cs-content\"><div class=\"x-section e254386-e1 m5gaa-0 m5gaa-1\"><div class=\"x-container e254386-e2 m5gaa-3\"><div class=\"x-column x-sm x-1-1 e254386-e3 m5gaa-4 m5gaa-5\"><span class=\"x-image e254386-e4 m5gaa-6\"><img decoding=\"async\" src=\"https:\/\/www.meetingrimini.org\/wp-content\/uploads\/2024\/08\/Image_0205_Mattarella.jpg\" width=\"1950\" height=\"1300\" alt=\"Image\" loading=\"lazy\"><\/span><\/div><\/div><\/div><div class=\"x-section e254386-e5 m5gaa-0 m5gaa-2\"><div class=\"x-container e254386-e6 m5gaa-3\"><div class=\"x-column x-sm x-1-1 e254386-e7 m5gaa-4\"><div class=\"x-text x-content e254386-e8 m5gaa-7\"><p style=\"text-align: justify;\">El Presidente de la Rep\u00fablica, Sergio Mattarella, envi\u00f3 el siguiente mensaje al Presidente de la Fundaci\u00f3n Meeting para la Amistad entre los Pueblos, Bernhard Scholz:<\/p>\n<p style=\"text-align: justify;\">\"El Meeting, en su 45\u00aa edici\u00f3n, ofrece este a\u00f1o su contribuci\u00f3n de cultura, di\u00e1logo y humanidad.<\/p>\n<p style=\"text-align: justify;\">Es un evento que ha sabido reflexionar sobre los fundamentos de nuestra sociedad y contin\u00faa renov\u00e1ndose, involucrando a j\u00f3venes y mayores, buscando lo que se mueve en lo m\u00e1s profundo.<\/p>\n<p style=\"text-align: justify;\">Extiendo mi saludo m\u00e1s c\u00e1lido a todos los participantes, seguro de que los d\u00edas en Rimini ser\u00e1n un valioso enriquecimiento para todos. Tambi\u00e9n expreso mi aprecio a los organizadores y voluntarios por su dedicaci\u00f3n.<\/p>\n<p style=\"text-align: justify;\">El tema de esta edici\u00f3n refleja las ra\u00edces culturales del Meeting, proponiendo una mirada abierta a las extraordinarias transformaciones que estamos viviendo.<\/p>\n<p style=\"text-align: justify;\">Se busca lo esencial mientras los flujos globales de informaci\u00f3n se desbordan, la tecnociencia nos muestra soluciones inimaginables, y las oportunidades para los individuos reavivan la falaz ilusi\u00f3n de la omnipotencia humana. Sin embargo, ante tantas nuevas oportunidades, somos testigos del horror, las atrocidades y la escalada de guerras, y el deseo de dominaci\u00f3n, con un tr\u00e1gico retorno al pasado. Sentimientos de miedo, desconfianza, a veces indiferencia, y con frecuencia, rencor y odio, resurgen.<\/p>\n<p style=\"text-align: justify;\">Por eso es esencial poner de nuevo a la persona en el centro. El deseo de vida y plenitud, en relaci\u00f3n con la comunidad. Porque lo esencial no reside en un yo aislado y autosuficiente, sino en el encuentro con el otro, en descubrir las verdades que el otro aporta, y en caminar juntos hacia el futuro que debemos imaginar y construir.<\/p>\n<p style=\"text-align: justify;\">El compromiso educativo y cultural, del que el Meeting es testigo, tiene un gran valor.\"<\/p>\n<p>Roma, 20\/08\/2024 (II mandato)<\/p><\/div><\/div><\/div><\/div><\/div>\n","protected":false},"excerpt":{"rendered":"<p>El Presidente de la Rep\u00fablica, Sergio Mattarella, envi\u00f3 el siguiente mensaje al Presidente de la Fundaci\u00f3n Meeting para la Amistad entre los Pueblos, Bernhard Scholz: &#8220;El Meeting, en su 45\u00aa &#8230; <\/p>\n<div><a href=\"https:\/\/www.meetingrimini.org\/es\/mensaje-del-presidente-mattarella-con-motivo-de-la-45a-edicion-del-meeting-de-rimini\/\" class=\"more-link\">Read More<\/a><\/div>\n","protected":false},"author":7359,"featured_media":254374,"comment_status":"closed","ping_status":"open","sticky":false,"template":"","format":"standard","meta":{"_acf_changed":false,"rs_blank_template":"","rs_page_bg_color":"","slide_template_v7":"","footnotes":""},"categories":[18186,18096],"tags":[],"class_list":["post-254386","post","type-post","status-publish","format-standard","has-post-thumbnail","hentry","category-home-es","category-news-es"],"acf":[],"yoast_head":"<!-- This site is optimized with the Yoast SEO plugin v28.2 - https:\/\/yoast.com\/product\/yoast-seo-wordpress\/ -->\n<title>Mensaje del Presidente Mattarella con motivo de la 45\u00aa edici\u00f3n del Meeting de Rimini - Meeting di Rimini<\/title>\n<meta name=\"robots\" content=\"index, follow, max-snippet:-1, max-image-preview:large, max-video-preview:-1\" \/>\n<link rel=\"canonical\" href=\"https:\/\/www.meetingrimini.org\/es\/mensaje-del-presidente-mattarella-con-motivo-de-la-45a-edicion-del-meeting-de-rimini\/\" \/>\n<meta property=\"og:locale\" content=\"es_ES\" \/>\n<meta property=\"og:type\" content=\"article\" \/>\n<meta property=\"og:title\" content=\"Mensaje del Presidente Mattarella con motivo de la 45\u00aa edici\u00f3n del Meeting de Rimini - Meeting di Rimini\" \/>\n<meta property=\"og:description\" content=\"El Presidente de la Rep\u00fablica, Sergio Mattarella, envi\u00f3 el siguiente mensaje al Presidente de la Fundaci\u00f3n Meeting para la Amistad entre los Pueblos, Bernhard Scholz: &quot;El Meeting, en su 45\u00aa ... Read More\" \/>\n<meta property=\"og:url\" content=\"https:\/\/www.meetingrimini.org\/es\/mensaje-del-presidente-mattarella-con-motivo-de-la-45a-edicion-del-meeting-de-rimini\/\" \/>\n<meta property=\"og:site_name\" content=\"Meeting di Rimini\" \/>\n<meta property=\"article:publisher\" content=\"https:\/\/www.facebook.com\/meetingrimini\" \/>\n<meta property=\"article:published_time\" content=\"2024-08-20T10:37:26+00:00\" \/>\n<meta property=\"article:modified_time\" content=\"2024-08-23T10:36:07+00:00\" \/>\n<meta property=\"og:image\" content=\"https:\/\/www.meetingrimini.org\/wp-content\/uploads\/2024\/08\/Image_0205_Mattarella.jpg\" \/>\n\t<meta property=\"og:image:width\" content=\"1950\" \/>\n\t<meta property=\"og:image:height\" content=\"1300\" \/>\n\t<meta property=\"og:image:type\" content=\"image\/jpeg\" \/>\n<meta name=\"author\" content=\"Redazione Web\" \/>\n<meta name=\"twitter:card\" content=\"summary_large_image\" \/>\n<meta name=\"twitter:creator\" content=\"@MeetingRimini\" \/>\n<meta name=\"twitter:site\" content=\"@MeetingRimini\" \/>\n<meta name=\"twitter:label1\" content=\"Escrito por\" \/>\n\t<meta name=\"twitter:data1\" content=\"Redazione Web\" \/>\n\t<meta name=\"twitter:label2\" content=\"Tiempo de lectura\" \/>\n\t<meta name=\"twitter:data2\" content=\"2 minutos\" \/>\n<script type=\"application\/ld+json\" class=\"yoast-schema-graph\">{\"@context\":\"https:\\\/\\\/schema.org\",\"@graph\":[{\"@type\":\"Article\",\"@id\":\"https:\\\/\\\/www.meetingrimini.org\\\/es\\\/mensaje-del-presidente-mattarella-con-motivo-de-la-45a-edicion-del-meeting-de-rimini\\\/#article\",\"isPartOf\":{\"@id\":\"https:\\\/\\\/www.meetingrimini.org\\\/es\\\/mensaje-del-presidente-mattarella-con-motivo-de-la-45a-edicion-del-meeting-de-rimini\\\/\"},\"author\":{\"name\":\"Redazione Web\",\"@id\":\"https:\\\/\\\/www.meetingrimini.org\\\/es\\\/#\\\/schema\\\/person\\\/7cee18ac35f647f381178bfe004e19c7\"},\"headline\":\"Mensaje del Presidente Mattarella con motivo de la 45\u00aa edici\u00f3n del Meeting de Rimini\",\"datePublished\":\"2024-08-20T10:37:26+00:00\",\"dateModified\":\"2024-08-23T10:36:07+00:00\",\"mainEntityOfPage\":{\"@id\":\"https:\\\/\\\/www.meetingrimini.org\\\/es\\\/mensaje-del-presidente-mattarella-con-motivo-de-la-45a-edicion-del-meeting-de-rimini\\\/\"},\"wordCount\":380,\"publisher\":{\"@id\":\"https:\\\/\\\/www.meetingrimini.org\\\/es\\\/#organization\"},\"image\":{\"@id\":\"https:\\\/\\\/www.meetingrimini.org\\\/es\\\/mensaje-del-presidente-mattarella-con-motivo-de-la-45a-edicion-del-meeting-de-rimini\\\/#primaryimage\"},\"thumbnailUrl\":\"https:\\\/\\\/www.meetingrimini.org\\\/wp-content\\\/uploads\\\/2024\\\/08\\\/Image_0205_Mattarella.jpg\",\"articleSection\":[\"Home\",\"News spagnolo\"],\"inLanguage\":\"es\"},{\"@type\":\"WebPage\",\"@id\":\"https:\\\/\\\/www.meetingrimini.org\\\/es\\\/mensaje-del-presidente-mattarella-con-motivo-de-la-45a-edicion-del-meeting-de-rimini\\\/\",\"url\":\"https:\\\/\\\/www.meetingrimini.org\\\/es\\\/mensaje-del-presidente-mattarella-con-motivo-de-la-45a-edicion-del-meeting-de-rimini\\\/\",\"name\":\"Mensaje del Presidente Mattarella con motivo de la 45\u00aa edici\u00f3n del Meeting de Rimini - Meeting di Rimini\",\"isPartOf\":{\"@id\":\"https:\\\/\\\/www.meetingrimini.org\\\/es\\\/#website\"},\"primaryImageOfPage\":{\"@id\":\"https:\\\/\\\/www.meetingrimini.org\\\/es\\\/mensaje-del-presidente-mattarella-con-motivo-de-la-45a-edicion-del-meeting-de-rimini\\\/#primaryimage\"},\"image\":{\"@id\":\"https:\\\/\\\/www.meetingrimini.org\\\/es\\\/mensaje-del-presidente-mattarella-con-motivo-de-la-45a-edicion-del-meeting-de-rimini\\\/#primaryimage\"},\"thumbnailUrl\":\"https:\\\/\\\/www.meetingrimini.org\\\/wp-content\\\/uploads\\\/2024\\\/08\\\/Image_0205_Mattarella.jpg\",\"datePublished\":\"2024-08-20T10:37:26+00:00\",\"dateModified\":\"2024-08-23T10:36:07+00:00\",\"breadcrumb\":{\"@id\":\"https:\\\/\\\/www.meetingrimini.org\\\/es\\\/mensaje-del-presidente-mattarella-con-motivo-de-la-45a-edicion-del-meeting-de-rimini\\\/#breadcrumb\"},\"inLanguage\":\"es\",\"potentialAction\":[{\"@type\":\"ReadAction\",\"target\":[\"https:\\\/\\\/www.meetingrimini.org\\\/es\\\/mensaje-del-presidente-mattarella-con-motivo-de-la-45a-edicion-del-meeting-de-rimini\\\/\"]}]},{\"@type\":\"ImageObject\",\"inLanguage\":\"es\",\"@id\":\"https:\\\/\\\/www.meetingrimini.org\\\/es\\\/mensaje-del-presidente-mattarella-con-motivo-de-la-45a-edicion-del-meeting-de-rimini\\\/#primaryimage\",\"url\":\"https:\\\/\\\/www.meetingrimini.org\\\/wp-content\\\/uploads\\\/2024\\\/08\\\/Image_0205_Mattarella.jpg\",\"contentUrl\":\"https:\\\/\\\/www.meetingrimini.org\\\/wp-content\\\/uploads\\\/2024\\\/08\\\/Image_0205_Mattarella.jpg\",\"width\":1950,\"height\":1300},{\"@type\":\"BreadcrumbList\",\"@id\":\"https:\\\/\\\/www.meetingrimini.org\\\/es\\\/mensaje-del-presidente-mattarella-con-motivo-de-la-45a-edicion-del-meeting-de-rimini\\\/#breadcrumb\",\"itemListElement\":[{\"@type\":\"ListItem\",\"position\":1,\"name\":\"Home\",\"item\":\"https:\\\/\\\/www.meetingrimini.org\\\/es\\\/meeting-rimini-spagnolo\\\/\"},{\"@type\":\"ListItem\",\"position\":2,\"name\":\"Mensaje del Presidente Mattarella con motivo de la 45\u00aa edici\u00f3n del Meeting de Rimini\"}]},{\"@type\":\"WebSite\",\"@id\":\"https:\\\/\\\/www.meetingrimini.org\\\/es\\\/#website\",\"url\":\"https:\\\/\\\/www.meetingrimini.org\\\/es\\\/\",\"name\":\"Meeting di Rimini\",\"description\":\"Meeting per l&#039;Amicizia fra i Popoli\",\"publisher\":{\"@id\":\"https:\\\/\\\/www.meetingrimini.org\\\/es\\\/#organization\"},\"potentialAction\":[{\"@type\":\"SearchAction\",\"target\":{\"@type\":\"EntryPoint\",\"urlTemplate\":\"https:\\\/\\\/www.meetingrimini.org\\\/es\\\/?s={search_term_string}\"},\"query-input\":{\"@type\":\"PropertyValueSpecification\",\"valueRequired\":true,\"valueName\":\"search_term_string\"}}],\"inLanguage\":\"es\"},{\"@type\":\"Organization\",\"@id\":\"https:\\\/\\\/www.meetingrimini.org\\\/es\\\/#organization\",\"name\":\"Fondazione Meeting di Rimini\",\"url\":\"https:\\\/\\\/www.meetingrimini.org\\\/es\\\/\",\"logo\":{\"@type\":\"ImageObject\",\"inLanguage\":\"es\",\"@id\":\"https:\\\/\\\/www.meetingrimini.org\\\/es\\\/#\\\/schema\\\/logo\\\/image\\\/\",\"url\":\"https:\\\/\\\/www.meetingrimini.org\\\/wp-content\\\/uploads\\\/2018\\\/10\\\/logo_originale.png\",\"contentUrl\":\"https:\\\/\\\/www.meetingrimini.org\\\/wp-content\\\/uploads\\\/2018\\\/10\\\/logo_originale.png\",\"width\":600,\"height\":156,\"caption\":\"Fondazione Meeting di Rimini\"},\"image\":{\"@id\":\"https:\\\/\\\/www.meetingrimini.org\\\/es\\\/#\\\/schema\\\/logo\\\/image\\\/\"},\"sameAs\":[\"https:\\\/\\\/www.facebook.com\\\/meetingrimini\",\"https:\\\/\\\/x.com\\\/MeetingRimini\",\"https:\\\/\\\/www.instagram.com\\\/meetingrimini\\\/\",\"https:\\\/\\\/www.linkedin.com\\\/company\\\/fondazione-meeting-per-l'amicizia-fra-i-popoli\\\/\",\"https:\\\/\\\/www.youtube.com\\\/user\\\/meetingdirimini\"]},{\"@type\":\"Person\",\"@id\":\"https:\\\/\\\/www.meetingrimini.org\\\/es\\\/#\\\/schema\\\/person\\\/7cee18ac35f647f381178bfe004e19c7\",\"name\":\"Redazione Web\"}]}<\/script>\n<!-- \/ Yoast SEO plugin. -->","yoast_head_json":{"title":"Mensaje del Presidente Mattarella con motivo de la 45\u00aa edici\u00f3n del Meeting de Rimini - Meeting di Rimini","robots":{"index":"index","follow":"follow","max-snippet":"max-snippet:-1","max-image-preview":"max-image-preview:large","max-video-preview":"max-video-preview:-1"},"canonical":"https:\/\/www.meetingrimini.org\/es\/mensaje-del-presidente-mattarella-con-motivo-de-la-45a-edicion-del-meeting-de-rimini\/","og_locale":"es_ES","og_type":"article","og_title":"Mensaje del Presidente Mattarella con motivo de la 45\u00aa edici\u00f3n del Meeting de Rimini - Meeting di Rimini","og_description":"El Presidente de la Rep\u00fablica, Sergio Mattarella, envi\u00f3 el siguiente mensaje al Presidente de la Fundaci\u00f3n Meeting para la Amistad entre los Pueblos, Bernhard Scholz: \"El Meeting, en su 45\u00aa ... Read More","og_url":"https:\/\/www.meetingrimini.org\/es\/mensaje-del-presidente-mattarella-con-motivo-de-la-45a-edicion-del-meeting-de-rimini\/","og_site_name":"Meeting di Rimini","article_publisher":"https:\/\/www.facebook.com\/meetingrimini","article_published_time":"2024-08-20T10:37:26+00:00","article_modified_time":"2024-08-23T10:36:07+00:00","og_image":[{"width":1950,"height":1300,"url":"https:\/\/www.meetingrimini.org\/wp-content\/uploads\/2024\/08\/Image_0205_Mattarella.jpg","type":"image\/jpeg"}],"author":"Redazione Web","twitter_card":"summary_large_image","twitter_creator":"@MeetingRimini","twitter_site":"@MeetingRimini","twitter_misc":{"Escrito por":"Redazione Web","Tiempo de lectura":"2 minutos"},"schema":{"@context":"https:\/\/schema.org","@graph":[{"@type":"Article","@id":"https:\/\/www.meetingrimini.org\/es\/mensaje-del-presidente-mattarella-con-motivo-de-la-45a-edicion-del-meeting-de-rimini\/#article","isPartOf":{"@id":"https:\/\/www.meetingrimini.org\/es\/mensaje-del-presidente-mattarella-con-motivo-de-la-45a-edicion-del-meeting-de-rimini\/"},"author":{"name":"Redazione Web","@id":"https:\/\/www.meetingrimini.org\/es\/#\/schema\/person\/7cee18ac35f647f381178bfe004e19c7"},"headline":"Mensaje del Presidente Mattarella con motivo de la 45\u00aa edici\u00f3n del Meeting de Rimini","datePublished":"2024-08-20T10:37:26+00:00","dateModified":"2024-08-23T10:36:07+00:00","mainEntityOfPage":{"@id":"https:\/\/www.meetingrimini.org\/es\/mensaje-del-presidente-mattarella-con-motivo-de-la-45a-edicion-del-meeting-de-rimini\/"},"wordCount":380,"publisher":{"@id":"https:\/\/www.meetingrimini.org\/es\/#organization"},"image":{"@id":"https:\/\/www.meetingrimini.org\/es\/mensaje-del-presidente-mattarella-con-motivo-de-la-45a-edicion-del-meeting-de-rimini\/#primaryimage"},"thumbnailUrl":"https:\/\/www.meetingrimini.org\/wp-content\/uploads\/2024\/08\/Image_0205_Mattarella.jpg","articleSection":["Home","News spagnolo"],"inLanguage":"es"},{"@type":"WebPage","@id":"https:\/\/www.meetingrimini.org\/es\/mensaje-del-presidente-mattarella-con-motivo-de-la-45a-edicion-del-meeting-de-rimini\/","url":"https:\/\/www.meetingrimini.org\/es\/mensaje-del-presidente-mattarella-con-motivo-de-la-45a-edicion-del-meeting-de-rimini\/","name":"Mensaje del Presidente Mattarella con motivo de la 45\u00aa edici\u00f3n del Meeting de Rimini - Meeting di Rimini","isPartOf":{"@id":"https:\/\/www.meetingrimini.org\/es\/#website"},"primaryImageOfPage":{"@id":"https:\/\/www.meetingrimini.org\/es\/mensaje-del-presidente-mattarella-con-motivo-de-la-45a-edicion-del-meeting-de-rimini\/#primaryimage"},"image":{"@id":"https:\/\/www.meetingrimini.org\/es\/mensaje-del-presidente-mattarella-con-motivo-de-la-45a-edicion-del-meeting-de-rimini\/#primaryimage"},"thumbnailUrl":"https:\/\/www.meetingrimini.org\/wp-content\/uploads\/2024\/08\/Image_0205_Mattarella.jpg","datePublished":"2024-08-20T10:37:26+00:00","dateModified":"2024-08-23T10:36:07+00:00","breadcrumb":{"@id":"https:\/\/www.meetingrimini.org\/es\/mensaje-del-presidente-mattarella-con-motivo-de-la-45a-edicion-del-meeting-de-rimini\/#breadcrumb"},"inLanguage":"es","potentialAction":[{"@type":"ReadAction","target":["https:\/\/www.meetingrimini.org\/es\/mensaje-del-presidente-mattarella-con-motivo-de-la-45a-edicion-del-meeting-de-rimini\/"]}]},{"@type":"ImageObject","inLanguage":"es","@id":"https:\/\/www.meetingrimini.org\/es\/mensaje-del-presidente-mattarella-con-motivo-de-la-45a-edicion-del-meeting-de-rimini\/#primaryimage","url":"https:\/\/www.meetingrimini.org\/wp-content\/uploads\/2024\/08\/Image_0205_Mattarella.jpg","contentUrl":"https:\/\/www.meetingrimini.org\/wp-content\/uploads\/2024\/08\/Image_0205_Mattarella.jpg","width":1950,"height":1300},{"@type":"BreadcrumbList","@id":"https:\/\/www.meetingrimini.org\/es\/mensaje-del-presidente-mattarella-con-motivo-de-la-45a-edicion-del-meeting-de-rimini\/#breadcrumb","itemListElement":[{"@type":"ListItem","position":1,"name":"Home","item":"https:\/\/www.meetingrimini.org\/es\/meeting-rimini-spagnolo\/"},{"@type":"ListItem","position":2,"name":"Mensaje del Presidente Mattarella con motivo de la 45\u00aa edici\u00f3n del Meeting de Rimini"}]},{"@type":"WebSite","@id":"https:\/\/www.meetingrimini.org\/es\/#website","url":"https:\/\/www.meetingrimini.org\/es\/","name":"Meeting di Rimini","description":"Meeting per l&#039;Amicizia fra i Popoli","publisher":{"@id":"https:\/\/www.meetingrimini.org\/es\/#organization"},"potentialAction":[{"@type":"SearchAction","target":{"@type":"EntryPoint","urlTemplate":"https:\/\/www.meetingrimini.org\/es\/?s={search_term_string}"},"query-input":{"@type":"PropertyValueSpecification","valueRequired":true,"valueName":"search_term_string"}}],"inLanguage":"es"},{"@type":"Organization","@id":"https:\/\/www.meetingrimini.org\/es\/#organization","name":"Fondazione Meeting di Rimini","url":"https:\/\/www.meetingrimini.org\/es\/","logo":{"@type":"ImageObject","inLanguage":"es","@id":"https:\/\/www.meetingrimini.org\/es\/#\/schema\/logo\/image\/","url":"https:\/\/www.meetingrimini.org\/wp-content\/uploads\/2018\/10\/logo_originale.png","contentUrl":"https:\/\/www.meetingrimini.org\/wp-content\/uploads\/2018\/10\/logo_originale.png","width":600,"height":156,"caption":"Fondazione Meeting di Rimini"},"image":{"@id":"https:\/\/www.meetingrimini.org\/es\/#\/schema\/logo\/image\/"},"sameAs":["https:\/\/www.facebook.com\/meetingrimini","https:\/\/x.com\/MeetingRimini","https:\/\/www.instagram.com\/meetingrimini\/","https:\/\/www.linkedin.com\/company\/fondazione-meeting-per-l'amicizia-fra-i-popoli\/","https:\/\/www.youtube.com\/user\/meetingdirimini"]},{"@type":"Person","@id":"https:\/\/www.meetingrimini.org\/es\/#\/schema\/person\/7cee18ac35f647f381178bfe004e19c7","name":"Redazione Web"}]}},"langs":{"it":254361,"en":254379,"es":254386},"_links":{"self":[{"href":"https:\/\/www.meetingrimini.org\/es\/wp-json\/wp\/v2\/posts\/254386","targetHints":{"allow":["GET"]}}],"collection":[{"href":"https:\/\/www.meetingrimini.org\/es\/wp-json\/wp\/v2\/posts"}],"about":[{"href":"https:\/\/www.meetingrimini.org\/es\/wp-json\/wp\/v2\/types\/post"}],"author":[{"embeddable":true,"href":"https:\/\/www.meetingrimini.org\/es\/wp-json\/wp\/v2\/users\/7359"}],"replies":[{"embeddable":true,"href":"https:\/\/www.meetingrimini.org\/es\/wp-json\/wp\/v2\/comments?post=254386"}],"version-history":[{"count":2,"href":"https:\/\/www.meetingrimini.org\/es\/wp-json\/wp\/v2\/posts\/254386\/revisions"}],"predecessor-version":[{"id":254388,"href":"https:\/\/www.meetingrimini.org\/es\/wp-json\/wp\/v2\/posts\/254386\/revisions\/254388"}],"wp:featuredmedia":[{"embeddable":true,"href":"https:\/\/www.meetingrimini.org\/es\/wp-json\/wp\/v2\/media\/254374"}],"wp:attachment":[{"href":"https:\/\/www.meetingrimini.org\/es\/wp-json\/wp\/v2\/media?parent=254386"}],"wp:term":[{"taxonomy":"category","embeddable":true,"href":"https:\/\/www.meetingrimini.org\/es\/wp-json\/wp\/v2\/categories?post=254386"},{"taxonomy":"post_tag","embeddable":true,"href":"https:\/\/www.meetingrimini.org\/es\/wp-json\/wp\/v2\/tags?post=254386"}],"curies":[{"name":"wp","href":"https:\/\/api.w.org\/{rel}","templated":true}]}}