{"id":254331,"date":"2024-08-20T11:49:43","date_gmt":"2024-08-20T09:49:43","guid":{"rendered":"https:\/\/www.meetingrimini.org\/?p=254331"},"modified":"2024-08-23T12:36:18","modified_gmt":"2024-08-23T10:36:18","slug":"mensaje-del-papa-francisco-al-meeting-2024","status":"publish","type":"post","link":"https:\/\/www.meetingrimini.org\/es\/mensaje-del-papa-francisco-al-meeting-2024\/","title":{"rendered":"Mensaje del Papa Francisco al Meeting 2024"},"content":{"rendered":"<div id=\"bsf_rt_marker\"><\/div><div id=\"cs-content\" class=\"cs-content\"><div class=\"x-section e254331-e1 m5g8r-0 m5g8r-1\"><div class=\"x-container e254331-e2 m5g8r-3\"><div class=\"x-column x-sm x-1-1 e254331-e3 m5g8r-4 m5g8r-5\"><span class=\"x-image e254331-e4 m5g8r-6\"><img decoding=\"async\" src=\"https:\/\/www.meetingrimini.org\/wp-content\/uploads\/2019\/08\/papafrancesco-2-1.jpg\" width=\"780\" height=\"470\" alt=\"Image\" loading=\"lazy\"><\/span><\/div><\/div><\/div><div class=\"x-section e254331-e5 m5g8r-0 m5g8r-2\"><div class=\"x-container e254331-e6 m5g8r-3\"><div class=\"x-column x-sm x-1-1 e254331-e7 m5g8r-4\"><div class=\"x-text x-content e254331-e8 m5g8r-7\"><p><strong>A Su Excelencia Reverend\u00edsima<br \/>\nMons. NICOL\u00d2 ANSELMI<br \/>\nObispo de R\u00edmini<\/strong><\/p>\n<p>Desde el Vaticano, 19 de julio de 2024<br \/>\nN. 642.393<\/p>\n<p style=\"text-align: justify;\"><strong>Excelencia Reverend\u00edsima<\/strong>,<\/p>\n<p style=\"text-align: justify;\">con motivo del 45\u00b0 Meeting por la amistad entre los pueblos, el Santo Padre desea dirigirse a los participantes con un mensaje de buenos deseos, saludando a los organizadores, voluntarios y a todos aquellos que tomar\u00e1n parte en el evento, cuyo t\u00edtulo representa un ferviente llamado a la responsabilidad: \u00abSi no estamos buscando lo esencial, \u00bfentonces qu\u00e9 buscamos?\u00bb<\/p>\n<p style=\"text-align: justify;\">Precisamente mientras atravesamos tiempos complejos, la b\u00fasqueda de lo que constituye el centro del misterio de la vida y de la realidad es de crucial importancia. Nuestra \u00e9poca, de hecho, est\u00e1 marcada por problem\u00e1ticas diversas y notables desaf\u00edos, ante los cuales a veces encontramos un sentido de impotencia, una actitud resignada y pasiva que puede llevar a \u201carrastrar la vida\u201d y a dejarse llevar por el aturdimiento de lo ef\u00edmero, hasta perder el significado de la existencia. En este escenario, por tanto, es m\u00e1s pertinente que nunca la decisi\u00f3n de ponerse en la b\u00fasqueda de lo esencial. El Papa Francisco anima, entonces, a buscar con pasi\u00f3n y entusiasmo aquello que hace resurgir la belleza de la vida, enfrentando la cuesti\u00f3n planteada por don Luigi Giussani cuando afirmaba con valent\u00eda: \u00abEl coraz\u00f3n es corro\u00eddo por la esclerosis, es decir, por la p\u00e9rdida de la pasi\u00f3n y del gusto de vivir. [...] La vejez a los veinte a\u00f1os e incluso antes, la vejez a los quince a\u00f1os, esta es la caracter\u00edstica del mundo de hoy\u00bb (<em>El sentido religioso<\/em>, Mil\u00e1n 2013, 116-117).<\/p>\n<p style=\"text-align: justify;\">Mientras soplan los fr\u00edos vientos de la guerra, sum\u00e1ndose a los fen\u00f3menos recurrentes de injusticia, violencia y desigualdad, as\u00ed como a la grave emergencia clim\u00e1tica y a una mutaci\u00f3n antropol\u00f3gica sin precedentes, es imprescindible detenerse y preguntarse: \u00bfhay algo por lo cual vale la pena vivir y tener esperanza?<br \/>\nDesde el inicio de su pontificado, el Papa Francisco nos exhorta a leer tambi\u00e9n las resistencias, las fatigas y las ca\u00eddas de los hombres y mujeres de hoy como una invitaci\u00f3n a reflexionar, para que el coraz\u00f3n se abra al encuentro con Dios y cada uno tome conciencia de s\u00ed mismo, del pr\u00f3jimo y de la realidad.<br \/>\nSu constante invitaci\u00f3n es a convertirse en mendicantes de lo esencial, de aquello que da sentido a nuestra vida, despoj\u00e1ndonos ante todo de lo que hace m\u00e1s pesado el d\u00eda a d\u00eda, siguiendo el ejemplo de un escalador que, al llegar al pie de la pared rocosa, debe liberarse de lo superfluo para poder ascender m\u00e1s r\u00e1pidamente. Haciendo esto, descubrimos que el valor de la existencia humana no reside en las cosas, en los \u00e9xitos obtenidos, en la carrera de la competencia, sino ante todo en esa relaci\u00f3n de amor que nos sostiene, enraizando nuestro camino en la confianza y en la esperanza: es la amistad con Dios, que luego se refleja en todas las dem\u00e1s relaciones humanas, la que fundamenta la alegr\u00eda que nunca desaparecer\u00e1. Somos amados, esta es la verdad esencial, que el mismo don Giussani anunciaba a los j\u00f3venes universitarios: \u00abSon amados. Este es el mensaje que llega a su vida [...]. Este es Jesucristo en la historia del hombre, el continuo comienzo de este mensaje: \u201c\u00a1Son amados!\u201d. \u00bfQu\u00e9 es la vida? Ser amados. \u00bfY lo que llevamos encima? Ser amados. \u00bfY el destino? Ser amados\u00bb (<em>Litterae Communionis Tracce,<\/em> 1996, n. 1).<\/p>\n<p style=\"text-align: justify;\">En la misma l\u00ednea, el Papa Francisco recuerda que \u00ablo que para nosotros es esencial, m\u00e1s bello, m\u00e1s atractivo y al mismo tiempo m\u00e1s necesario es la fe en Cristo Jes\u00fas\u00bb (<em>Discurso a la Plenaria del Dicasterio para la Doctrina de la Fe, 26 de enero de 2024<\/em>). Solo el Se\u00f1or, de hecho, salva nuestra fr\u00e1gil humanidad y, en medio de las adversidades, nos hace experimentar una alegr\u00eda que de otro modo ser\u00eda imposible. Sin este punto de anclaje, la barca de nuestra vida estar\u00eda a merced de las olas y correr\u00eda el riesgo de hundirse.<\/p>\n<p style=\"text-align: justify;\">Volver a lo esencial que es Jes\u00fas no significa evadir la realidad, sino, por el contrario, es la condici\u00f3n para sumergirse verdaderamente en la historia, para afrontarla sin huir de sus desaf\u00edos, para encontrar el valor de arriesgar y de amar incluso cuando parece que no vale la pena, para vivir en el mundo sin temor alguno. Como escribi\u00f3 el entonces Arzobispo Montini: \u00abT\u00fa nos eres necesario, oh Cristo, oh Se\u00f1or, oh Dios-con-nosotros, para aprender el verdadero amor y caminar en la alegr\u00eda y en la fuerza de tu caridad, a lo largo del camino de nuestra vida fatigosa\u00bb (<em>Omnia nobis est Christus. Carta pastoral a la archidi\u00f3cesis de Mil\u00e1n para la Cuaresma de<\/em> 1955).<\/p>\n<p style=\"text-align: justify;\">En este esp\u00edritu, entonces, el Santo Padre aprecia y comparte el objetivo del pr\u00f3ximo Meeting, porque apuntar a lo esencial nos ayuda a tomar las riendas de nuestra vida y convertirla en un instrumento de amor, misericordia y compasi\u00f3n, convirti\u00e9ndonos en signo de bendici\u00f3n para el pr\u00f3jimo. Ante la tentaci\u00f3n del des\u00e1nimo, la complejidad de la crisis actual y, en particular, el desaf\u00edo de una paz que parece imposible, el Santo Padre exhorta a todos a convertirse en protagonistas responsables del cambio, colaborando activamente en la misi\u00f3n de la Iglesia, para dar vida juntos a lugares donde la presencia de Cristo se pueda ver y tocar. Este compromiso coral puede generar un mundo nuevo, donde finalmente triunfe el Amor que en Cristo se ha manifestado a nosotros, y todo el planeta se convierta en un templo de fraternidad.<br \/>\nEl Papa Francisco espera que el rico programa del Meeting, en la multiplicidad de sus propuestas y lenguajes, pueda suscitar en muchos el deseo de convertirse en buscadores de lo esencial y hacer florecer en los corazones la pasi\u00f3n por el anuncio del Evangelio, fuente de liberaci\u00f3n de toda esclavitud y fuerza que sana y transforma a la humanidad. A todos, organizadores, voluntarios y participantes, \u00c9l les env\u00eda de coraz\u00f3n Su bendici\u00f3n, pidiendo por favor que recen por \u00e9l.<br \/>\nAl unir tambi\u00e9n mis personales buenos deseos, aprovecho la ocasi\u00f3n para confirmarme con sentimientos de distinto respeto<\/p>\n<p style=\"text-align: center;\">de Su Excelencia Reverend\u00edsima<br \/>\ndev.mo<br \/>\n<strong>Pietro Card. Parolin<br \/>\nSecretario de Estado<\/strong><\/p><\/div><\/div><\/div><\/div><\/div>\n","protected":false},"excerpt":{"rendered":"<p>A Su Excelencia Reverend\u00edsima Mons. NICOL\u00d2 ANSELMI Obispo de R\u00edmini Desde el Vaticano, 19 de julio de 2024 N. 642.393 Excelencia Reverend\u00edsima, con motivo del 45\u00b0 Meeting por la amistad &#8230; <\/p>\n<div><a href=\"https:\/\/www.meetingrimini.org\/es\/mensaje-del-papa-francisco-al-meeting-2024\/\" class=\"more-link\">Read More<\/a><\/div>\n","protected":false},"author":7359,"featured_media":192474,"comment_status":"closed","ping_status":"open","sticky":false,"template":"","format":"standard","meta":{"_acf_changed":false,"rs_blank_template":"","rs_page_bg_color":"","slide_template_v7":"","footnotes":""},"categories":[18186,18096],"tags":[],"class_list":["post-254331","post","type-post","status-publish","format-standard","has-post-thumbnail","hentry","category-home-es","category-news-es"],"acf":[],"yoast_head":"<!-- This site is optimized with the Yoast SEO plugin v28.2 - https:\/\/yoast.com\/product\/yoast-seo-wordpress\/ -->\n<title>Mensaje del Papa Francisco al Meeting 2024 - Meeting di Rimini<\/title>\n<meta name=\"robots\" content=\"index, follow, max-snippet:-1, max-image-preview:large, max-video-preview:-1\" \/>\n<link rel=\"canonical\" href=\"https:\/\/www.meetingrimini.org\/es\/mensaje-del-papa-francisco-al-meeting-2024\/\" \/>\n<meta property=\"og:locale\" content=\"es_ES\" \/>\n<meta property=\"og:type\" content=\"article\" \/>\n<meta property=\"og:title\" content=\"Mensaje del Papa Francisco al Meeting 2024 - Meeting di Rimini\" \/>\n<meta property=\"og:description\" content=\"A Su Excelencia Reverend\u00edsima Mons. NICOL\u00d2 ANSELMI Obispo de R\u00edmini Desde el Vaticano, 19 de julio de 2024 N. 642.393 Excelencia Reverend\u00edsima, con motivo del 45\u00b0 Meeting por la amistad ... Read More\" \/>\n<meta property=\"og:url\" content=\"https:\/\/www.meetingrimini.org\/es\/mensaje-del-papa-francisco-al-meeting-2024\/\" \/>\n<meta property=\"og:site_name\" content=\"Meeting di Rimini\" \/>\n<meta property=\"article:publisher\" content=\"https:\/\/www.facebook.com\/meetingrimini\" \/>\n<meta property=\"article:published_time\" content=\"2024-08-20T09:49:43+00:00\" \/>\n<meta property=\"article:modified_time\" content=\"2024-08-23T10:36:18+00:00\" \/>\n<meta property=\"og:image\" content=\"https:\/\/www.meetingrimini.org\/wp-content\/uploads\/2019\/08\/papafrancesco-2-1.jpg\" \/>\n\t<meta property=\"og:image:width\" content=\"780\" \/>\n\t<meta property=\"og:image:height\" content=\"470\" \/>\n\t<meta property=\"og:image:type\" content=\"image\/jpeg\" \/>\n<meta name=\"author\" content=\"Redazione Web\" \/>\n<meta name=\"twitter:card\" content=\"summary_large_image\" \/>\n<meta name=\"twitter:creator\" content=\"@MeetingRimini\" \/>\n<meta name=\"twitter:site\" content=\"@MeetingRimini\" \/>\n<meta name=\"twitter:label1\" content=\"Escrito por\" \/>\n\t<meta name=\"twitter:data1\" content=\"Redazione Web\" \/>\n\t<meta name=\"twitter:label2\" content=\"Tiempo de lectura\" \/>\n\t<meta name=\"twitter:data2\" content=\"6 minutos\" \/>\n<script type=\"application\/ld+json\" class=\"yoast-schema-graph\">{\"@context\":\"https:\\\/\\\/schema.org\",\"@graph\":[{\"@type\":\"Article\",\"@id\":\"https:\\\/\\\/www.meetingrimini.org\\\/es\\\/mensaje-del-papa-francisco-al-meeting-2024\\\/#article\",\"isPartOf\":{\"@id\":\"https:\\\/\\\/www.meetingrimini.org\\\/es\\\/mensaje-del-papa-francisco-al-meeting-2024\\\/\"},\"author\":{\"name\":\"Redazione Web\",\"@id\":\"https:\\\/\\\/www.meetingrimini.org\\\/es\\\/#\\\/schema\\\/person\\\/7cee18ac35f647f381178bfe004e19c7\"},\"headline\":\"Mensaje del Papa Francisco al Meeting 2024\",\"datePublished\":\"2024-08-20T09:49:43+00:00\",\"dateModified\":\"2024-08-23T10:36:18+00:00\",\"mainEntityOfPage\":{\"@id\":\"https:\\\/\\\/www.meetingrimini.org\\\/es\\\/mensaje-del-papa-francisco-al-meeting-2024\\\/\"},\"wordCount\":1155,\"publisher\":{\"@id\":\"https:\\\/\\\/www.meetingrimini.org\\\/es\\\/#organization\"},\"image\":{\"@id\":\"https:\\\/\\\/www.meetingrimini.org\\\/es\\\/mensaje-del-papa-francisco-al-meeting-2024\\\/#primaryimage\"},\"thumbnailUrl\":\"https:\\\/\\\/www.meetingrimini.org\\\/wp-content\\\/uploads\\\/2019\\\/08\\\/papafrancesco-2-1.jpg\",\"articleSection\":[\"Home\",\"News spagnolo\"],\"inLanguage\":\"es\"},{\"@type\":\"WebPage\",\"@id\":\"https:\\\/\\\/www.meetingrimini.org\\\/es\\\/mensaje-del-papa-francisco-al-meeting-2024\\\/\",\"url\":\"https:\\\/\\\/www.meetingrimini.org\\\/es\\\/mensaje-del-papa-francisco-al-meeting-2024\\\/\",\"name\":\"Mensaje del Papa Francisco al Meeting 2024 - Meeting di Rimini\",\"isPartOf\":{\"@id\":\"https:\\\/\\\/www.meetingrimini.org\\\/es\\\/#website\"},\"primaryImageOfPage\":{\"@id\":\"https:\\\/\\\/www.meetingrimini.org\\\/es\\\/mensaje-del-papa-francisco-al-meeting-2024\\\/#primaryimage\"},\"image\":{\"@id\":\"https:\\\/\\\/www.meetingrimini.org\\\/es\\\/mensaje-del-papa-francisco-al-meeting-2024\\\/#primaryimage\"},\"thumbnailUrl\":\"https:\\\/\\\/www.meetingrimini.org\\\/wp-content\\\/uploads\\\/2019\\\/08\\\/papafrancesco-2-1.jpg\",\"datePublished\":\"2024-08-20T09:49:43+00:00\",\"dateModified\":\"2024-08-23T10:36:18+00:00\",\"breadcrumb\":{\"@id\":\"https:\\\/\\\/www.meetingrimini.org\\\/es\\\/mensaje-del-papa-francisco-al-meeting-2024\\\/#breadcrumb\"},\"inLanguage\":\"es\",\"potentialAction\":[{\"@type\":\"ReadAction\",\"target\":[\"https:\\\/\\\/www.meetingrimini.org\\\/es\\\/mensaje-del-papa-francisco-al-meeting-2024\\\/\"]}]},{\"@type\":\"ImageObject\",\"inLanguage\":\"es\",\"@id\":\"https:\\\/\\\/www.meetingrimini.org\\\/es\\\/mensaje-del-papa-francisco-al-meeting-2024\\\/#primaryimage\",\"url\":\"https:\\\/\\\/www.meetingrimini.org\\\/wp-content\\\/uploads\\\/2019\\\/08\\\/papafrancesco-2-1.jpg\",\"contentUrl\":\"https:\\\/\\\/www.meetingrimini.org\\\/wp-content\\\/uploads\\\/2019\\\/08\\\/papafrancesco-2-1.jpg\",\"width\":780,\"height\":470},{\"@type\":\"BreadcrumbList\",\"@id\":\"https:\\\/\\\/www.meetingrimini.org\\\/es\\\/mensaje-del-papa-francisco-al-meeting-2024\\\/#breadcrumb\",\"itemListElement\":[{\"@type\":\"ListItem\",\"position\":1,\"name\":\"Home\",\"item\":\"https:\\\/\\\/www.meetingrimini.org\\\/es\\\/meeting-rimini-spagnolo\\\/\"},{\"@type\":\"ListItem\",\"position\":2,\"name\":\"Mensaje del Papa Francisco al Meeting 2024\"}]},{\"@type\":\"WebSite\",\"@id\":\"https:\\\/\\\/www.meetingrimini.org\\\/es\\\/#website\",\"url\":\"https:\\\/\\\/www.meetingrimini.org\\\/es\\\/\",\"name\":\"Meeting di Rimini\",\"description\":\"Meeting per l&#039;Amicizia fra i Popoli\",\"publisher\":{\"@id\":\"https:\\\/\\\/www.meetingrimini.org\\\/es\\\/#organization\"},\"potentialAction\":[{\"@type\":\"SearchAction\",\"target\":{\"@type\":\"EntryPoint\",\"urlTemplate\":\"https:\\\/\\\/www.meetingrimini.org\\\/es\\\/?s={search_term_string}\"},\"query-input\":{\"@type\":\"PropertyValueSpecification\",\"valueRequired\":true,\"valueName\":\"search_term_string\"}}],\"inLanguage\":\"es\"},{\"@type\":\"Organization\",\"@id\":\"https:\\\/\\\/www.meetingrimini.org\\\/es\\\/#organization\",\"name\":\"Fondazione Meeting di Rimini\",\"url\":\"https:\\\/\\\/www.meetingrimini.org\\\/es\\\/\",\"logo\":{\"@type\":\"ImageObject\",\"inLanguage\":\"es\",\"@id\":\"https:\\\/\\\/www.meetingrimini.org\\\/es\\\/#\\\/schema\\\/logo\\\/image\\\/\",\"url\":\"https:\\\/\\\/www.meetingrimini.org\\\/wp-content\\\/uploads\\\/2018\\\/10\\\/logo_originale.png\",\"contentUrl\":\"https:\\\/\\\/www.meetingrimini.org\\\/wp-content\\\/uploads\\\/2018\\\/10\\\/logo_originale.png\",\"width\":600,\"height\":156,\"caption\":\"Fondazione Meeting di Rimini\"},\"image\":{\"@id\":\"https:\\\/\\\/www.meetingrimini.org\\\/es\\\/#\\\/schema\\\/logo\\\/image\\\/\"},\"sameAs\":[\"https:\\\/\\\/www.facebook.com\\\/meetingrimini\",\"https:\\\/\\\/x.com\\\/MeetingRimini\",\"https:\\\/\\\/www.instagram.com\\\/meetingrimini\\\/\",\"https:\\\/\\\/www.linkedin.com\\\/company\\\/fondazione-meeting-per-l'amicizia-fra-i-popoli\\\/\",\"https:\\\/\\\/www.youtube.com\\\/user\\\/meetingdirimini\"]},{\"@type\":\"Person\",\"@id\":\"https:\\\/\\\/www.meetingrimini.org\\\/es\\\/#\\\/schema\\\/person\\\/7cee18ac35f647f381178bfe004e19c7\",\"name\":\"Redazione Web\"}]}<\/script>\n<!-- \/ Yoast SEO plugin. -->","yoast_head_json":{"title":"Mensaje del Papa Francisco al Meeting 2024 - Meeting di Rimini","robots":{"index":"index","follow":"follow","max-snippet":"max-snippet:-1","max-image-preview":"max-image-preview:large","max-video-preview":"max-video-preview:-1"},"canonical":"https:\/\/www.meetingrimini.org\/es\/mensaje-del-papa-francisco-al-meeting-2024\/","og_locale":"es_ES","og_type":"article","og_title":"Mensaje del Papa Francisco al Meeting 2024 - Meeting di Rimini","og_description":"A Su Excelencia Reverend\u00edsima Mons. NICOL\u00d2 ANSELMI Obispo de R\u00edmini Desde el Vaticano, 19 de julio de 2024 N. 642.393 Excelencia Reverend\u00edsima, con motivo del 45\u00b0 Meeting por la amistad ... Read More","og_url":"https:\/\/www.meetingrimini.org\/es\/mensaje-del-papa-francisco-al-meeting-2024\/","og_site_name":"Meeting di Rimini","article_publisher":"https:\/\/www.facebook.com\/meetingrimini","article_published_time":"2024-08-20T09:49:43+00:00","article_modified_time":"2024-08-23T10:36:18+00:00","og_image":[{"width":780,"height":470,"url":"https:\/\/www.meetingrimini.org\/wp-content\/uploads\/2019\/08\/papafrancesco-2-1.jpg","type":"image\/jpeg"}],"author":"Redazione Web","twitter_card":"summary_large_image","twitter_creator":"@MeetingRimini","twitter_site":"@MeetingRimini","twitter_misc":{"Escrito por":"Redazione Web","Tiempo de lectura":"6 minutos"},"schema":{"@context":"https:\/\/schema.org","@graph":[{"@type":"Article","@id":"https:\/\/www.meetingrimini.org\/es\/mensaje-del-papa-francisco-al-meeting-2024\/#article","isPartOf":{"@id":"https:\/\/www.meetingrimini.org\/es\/mensaje-del-papa-francisco-al-meeting-2024\/"},"author":{"name":"Redazione Web","@id":"https:\/\/www.meetingrimini.org\/es\/#\/schema\/person\/7cee18ac35f647f381178bfe004e19c7"},"headline":"Mensaje del Papa Francisco al Meeting 2024","datePublished":"2024-08-20T09:49:43+00:00","dateModified":"2024-08-23T10:36:18+00:00","mainEntityOfPage":{"@id":"https:\/\/www.meetingrimini.org\/es\/mensaje-del-papa-francisco-al-meeting-2024\/"},"wordCount":1155,"publisher":{"@id":"https:\/\/www.meetingrimini.org\/es\/#organization"},"image":{"@id":"https:\/\/www.meetingrimini.org\/es\/mensaje-del-papa-francisco-al-meeting-2024\/#primaryimage"},"thumbnailUrl":"https:\/\/www.meetingrimini.org\/wp-content\/uploads\/2019\/08\/papafrancesco-2-1.jpg","articleSection":["Home","News spagnolo"],"inLanguage":"es"},{"@type":"WebPage","@id":"https:\/\/www.meetingrimini.org\/es\/mensaje-del-papa-francisco-al-meeting-2024\/","url":"https:\/\/www.meetingrimini.org\/es\/mensaje-del-papa-francisco-al-meeting-2024\/","name":"Mensaje del Papa Francisco al Meeting 2024 - Meeting di Rimini","isPartOf":{"@id":"https:\/\/www.meetingrimini.org\/es\/#website"},"primaryImageOfPage":{"@id":"https:\/\/www.meetingrimini.org\/es\/mensaje-del-papa-francisco-al-meeting-2024\/#primaryimage"},"image":{"@id":"https:\/\/www.meetingrimini.org\/es\/mensaje-del-papa-francisco-al-meeting-2024\/#primaryimage"},"thumbnailUrl":"https:\/\/www.meetingrimini.org\/wp-content\/uploads\/2019\/08\/papafrancesco-2-1.jpg","datePublished":"2024-08-20T09:49:43+00:00","dateModified":"2024-08-23T10:36:18+00:00","breadcrumb":{"@id":"https:\/\/www.meetingrimini.org\/es\/mensaje-del-papa-francisco-al-meeting-2024\/#breadcrumb"},"inLanguage":"es","potentialAction":[{"@type":"ReadAction","target":["https:\/\/www.meetingrimini.org\/es\/mensaje-del-papa-francisco-al-meeting-2024\/"]}]},{"@type":"ImageObject","inLanguage":"es","@id":"https:\/\/www.meetingrimini.org\/es\/mensaje-del-papa-francisco-al-meeting-2024\/#primaryimage","url":"https:\/\/www.meetingrimini.org\/wp-content\/uploads\/2019\/08\/papafrancesco-2-1.jpg","contentUrl":"https:\/\/www.meetingrimini.org\/wp-content\/uploads\/2019\/08\/papafrancesco-2-1.jpg","width":780,"height":470},{"@type":"BreadcrumbList","@id":"https:\/\/www.meetingrimini.org\/es\/mensaje-del-papa-francisco-al-meeting-2024\/#breadcrumb","itemListElement":[{"@type":"ListItem","position":1,"name":"Home","item":"https:\/\/www.meetingrimini.org\/es\/meeting-rimini-spagnolo\/"},{"@type":"ListItem","position":2,"name":"Mensaje del Papa Francisco al Meeting 2024"}]},{"@type":"WebSite","@id":"https:\/\/www.meetingrimini.org\/es\/#website","url":"https:\/\/www.meetingrimini.org\/es\/","name":"Meeting di Rimini","description":"Meeting per l&#039;Amicizia fra i Popoli","publisher":{"@id":"https:\/\/www.meetingrimini.org\/es\/#organization"},"potentialAction":[{"@type":"SearchAction","target":{"@type":"EntryPoint","urlTemplate":"https:\/\/www.meetingrimini.org\/es\/?s={search_term_string}"},"query-input":{"@type":"PropertyValueSpecification","valueRequired":true,"valueName":"search_term_string"}}],"inLanguage":"es"},{"@type":"Organization","@id":"https:\/\/www.meetingrimini.org\/es\/#organization","name":"Fondazione Meeting di Rimini","url":"https:\/\/www.meetingrimini.org\/es\/","logo":{"@type":"ImageObject","inLanguage":"es","@id":"https:\/\/www.meetingrimini.org\/es\/#\/schema\/logo\/image\/","url":"https:\/\/www.meetingrimini.org\/wp-content\/uploads\/2018\/10\/logo_originale.png","contentUrl":"https:\/\/www.meetingrimini.org\/wp-content\/uploads\/2018\/10\/logo_originale.png","width":600,"height":156,"caption":"Fondazione Meeting di Rimini"},"image":{"@id":"https:\/\/www.meetingrimini.org\/es\/#\/schema\/logo\/image\/"},"sameAs":["https:\/\/www.facebook.com\/meetingrimini","https:\/\/x.com\/MeetingRimini","https:\/\/www.instagram.com\/meetingrimini\/","https:\/\/www.linkedin.com\/company\/fondazione-meeting-per-l'amicizia-fra-i-popoli\/","https:\/\/www.youtube.com\/user\/meetingdirimini"]},{"@type":"Person","@id":"https:\/\/www.meetingrimini.org\/es\/#\/schema\/person\/7cee18ac35f647f381178bfe004e19c7","name":"Redazione Web"}]}},"langs":{"it":254300,"en":254323,"es":254331},"_links":{"self":[{"href":"https:\/\/www.meetingrimini.org\/es\/wp-json\/wp\/v2\/posts\/254331","targetHints":{"allow":["GET"]}}],"collection":[{"href":"https:\/\/www.meetingrimini.org\/es\/wp-json\/wp\/v2\/posts"}],"about":[{"href":"https:\/\/www.meetingrimini.org\/es\/wp-json\/wp\/v2\/types\/post"}],"author":[{"embeddable":true,"href":"https:\/\/www.meetingrimini.org\/es\/wp-json\/wp\/v2\/users\/7359"}],"replies":[{"embeddable":true,"href":"https:\/\/www.meetingrimini.org\/es\/wp-json\/wp\/v2\/comments?post=254331"}],"version-history":[{"count":4,"href":"https:\/\/www.meetingrimini.org\/es\/wp-json\/wp\/v2\/posts\/254331\/revisions"}],"predecessor-version":[{"id":254339,"href":"https:\/\/www.meetingrimini.org\/es\/wp-json\/wp\/v2\/posts\/254331\/revisions\/254339"}],"wp:featuredmedia":[{"embeddable":true,"href":"https:\/\/www.meetingrimini.org\/es\/wp-json\/wp\/v2\/media\/192474"}],"wp:attachment":[{"href":"https:\/\/www.meetingrimini.org\/es\/wp-json\/wp\/v2\/media?parent=254331"}],"wp:term":[{"taxonomy":"category","embeddable":true,"href":"https:\/\/www.meetingrimini.org\/es\/wp-json\/wp\/v2\/categories?post=254331"},{"taxonomy":"post_tag","embeddable":true,"href":"https:\/\/www.meetingrimini.org\/es\/wp-json\/wp\/v2\/tags?post=254331"}],"curies":[{"name":"wp","href":"https:\/\/api.w.org\/{rel}","templated":true}]}}